{"id":5552,"date":"2021-01-07T18:34:02","date_gmt":"2021-01-07T17:34:02","guid":{"rendered":"https:\/\/interreligieux.ch\/wp\/?p=5552"},"modified":"2023-09-19T10:21:14","modified_gmt":"2023-09-19T08:21:14","slug":"religions-et-violence-regard-bahai","status":"publish","type":"post","link":"https:\/\/interreligieux.ch\/wp\/religions-et-violence-regard-bahai\/","title":{"rendered":"Religions et violence : regard baha\u2019\u00ef"},"content":{"rendered":"\t\t<div data-elementor-type=\"wp-post\" data-elementor-id=\"5552\" class=\"elementor elementor-5552\" data-elementor-post-type=\"post\">\n\t\t\t\t\t\t<section class=\"elementor-section elementor-top-section elementor-element elementor-element-227ed87 elementor-section-boxed elementor-section-height-default elementor-section-height-default\" data-id=\"227ed87\" data-element_type=\"section\" data-e-type=\"section\">\n\t\t\t\t\t\t<div class=\"elementor-container elementor-column-gap-default\">\n\t\t\t\t\t<div class=\"elementor-column elementor-col-100 elementor-top-column elementor-element elementor-element-7c6b8eb6\" data-id=\"7c6b8eb6\" data-element_type=\"column\" data-e-type=\"column\">\n\t\t\t<div class=\"elementor-widget-wrap elementor-element-populated\">\n\t\t\t\t\t\t<div class=\"elementor-element elementor-element-cf94472 elementor-share-buttons--view-icon elementor-share-buttons--shape-circle elementor-share-buttons--skin-gradient elementor-grid-0 elementor-share-buttons--color-official elementor-widget elementor-widget-share-buttons\" data-id=\"cf94472\" data-element_type=\"widget\" data-e-type=\"widget\" data-widget_type=\"share-buttons.default\">\n\t\t\t\t<div class=\"elementor-widget-container\">\n\t\t\t\t\t\t\t<div class=\"elementor-grid\" role=\"list\">\n\t\t\t\t\t\t\t\t<div class=\"elementor-grid-item\" role=\"listitem\">\n\t\t\t\t\t\t<div class=\"elementor-share-btn elementor-share-btn_facebook\" role=\"button\" tabindex=\"0\" aria-label=\"Partager sur facebook\">\n\t\t\t\t\t\t\t\t\t\t\t\t\t\t\t<span class=\"elementor-share-btn__icon\">\n\t\t\t\t\t\t\t\t<i class=\"fab fa-facebook\" aria-hidden=\"true\"><\/i>\t\t\t\t\t\t\t<\/span>\n\t\t\t\t\t\t\t\t\t\t\t\t\t\t\t\t\t\t\t\t<\/div>\n\t\t\t\t\t<\/div>\n\t\t\t\t\t\t\t\t\t<div class=\"elementor-grid-item\" role=\"listitem\">\n\t\t\t\t\t\t<div class=\"elementor-share-btn elementor-share-btn_twitter\" role=\"button\" tabindex=\"0\" aria-label=\"Partager sur twitter\">\n\t\t\t\t\t\t\t\t\t\t\t\t\t\t\t<span class=\"elementor-share-btn__icon\">\n\t\t\t\t\t\t\t\t<i class=\"fab fa-twitter\" aria-hidden=\"true\"><\/i>\t\t\t\t\t\t\t<\/span>\n\t\t\t\t\t\t\t\t\t\t\t\t\t\t\t\t\t\t\t\t<\/div>\n\t\t\t\t\t<\/div>\n\t\t\t\t\t\t\t\t\t<div class=\"elementor-grid-item\" role=\"listitem\">\n\t\t\t\t\t\t<div class=\"elementor-share-btn elementor-share-btn_linkedin\" role=\"button\" tabindex=\"0\" aria-label=\"Partager sur linkedin\">\n\t\t\t\t\t\t\t\t\t\t\t\t\t\t\t<span class=\"elementor-share-btn__icon\">\n\t\t\t\t\t\t\t\t<i class=\"fab fa-linkedin\" aria-hidden=\"true\"><\/i>\t\t\t\t\t\t\t<\/span>\n\t\t\t\t\t\t\t\t\t\t\t\t\t\t\t\t\t\t\t\t<\/div>\n\t\t\t\t\t<\/div>\n\t\t\t\t\t\t<\/div>\n\t\t\t\t\t\t<\/div>\n\t\t\t\t<\/div>\n\t\t\t\t<div class=\"elementor-element elementor-element-24be3cc4 elementor-widget elementor-widget-text-editor\" data-id=\"24be3cc4\" data-element_type=\"widget\" data-e-type=\"widget\" data-widget_type=\"text-editor.default\">\n\t\t\t\t<div class=\"elementor-widget-container\">\n\t\t\t\t\t\t\t\t\t<h4><strong>Nicolas Junod (baha\u2019\u00ef)<\/strong><br \/>Mon regard sur la r\u00e9alit\u00e9 de la violence \u00e0 partir de mes convictions<\/h4><p><img fetchpriority=\"high\" decoding=\"async\" class=\"size-full wp-image-5554 alignright\" src=\"https:\/\/interreligieux.ch\/wp-content\/uploads\/2021\/01\/nicolas-Junod.jpg\" alt=\"\" width=\"217\" height=\"300\" \/>La Foi baha\u2019ie, la derni\u00e8re (en date) des r\u00e9v\u00e9lations divines, est une religion qui interdit la violence sous toutes ses formes, rejette la guerre sainte et le Jihad et met en garde ses fid\u00e8les contre le fanatisme religieux. Elle enseigne la paix universelle et promeut l\u2019amour et l\u2019amiti\u00e9 parmi les peuples. Les Baha\u2019is ne sont pas autoris\u00e9s par leur religion \u00e0 porter des armes, sauf dans le cas d\u2019un service militaire obligatoire. Les Baha\u2019is ont connu au cour de leur histoire, depuis 1863, des vagues de pers\u00e9cution de la part des musulmans fanatiques sans jamais y r\u00e9agir par esprit de vengeance. Ils ont compt\u00e9 des martyrs, jusqu\u2019aujourd\u2019hui, sans jamais t\u00e9moigner de haine aux auteurs de leur souffrance, \u00e0 l\u2019instar des chr\u00e9tiens des premiers temps.<span id=\"more-3995\"><\/span><\/p><p>Les Baha\u2019is estiment que l\u2019humanit\u00e9 passe par des phases dans son \u00e9volution historique. Les actes violents perp\u00e9tr\u00e9s par certaines religions dans le pass\u00e9 appartiennent \u00e0 l\u2019\u00e2ge d\u2019immaturit\u00e9 de l\u2019esp\u00e8ce humaine. Le jour est venu d\u00e9sormais pour l\u2019humanit\u00e9 d\u2019agir selon la raison et de se lib\u00e9rer des \u00e9motions et des sentiments irrationnels qui marquaient le temps de son enfance. Les Baha\u2019is ne consid\u00e8rent pas la violence comme inh\u00e9rente \u00e0 la nature humaine. L\u2019\u00eatre humain peut dominer ses tendances n\u00e9gatives, lorsqu\u2019elles existent, par sa volont\u00e9 et sa foi.<\/p><p>La base des relations que les baha\u2019is entretiennent avec leur religion et son fondateur est l\u2019amour et non la crainte. Notre destin\u00e9e d\u00e9pend en partie de notre volont\u00e9 et de notre comportement dans le monde. La Foi baha\u2019ie a du respect pour les \u00ab\u00a0autres\u00a0\u00bb. Tous sont consid\u00e9r\u00e9s comme les membres d\u2019une seule famille \u00e9largie. Un (e) baha\u2019i (e) ne doit pas consid\u00e9rer l\u2019autre comme \u00ab\u00a0\u00e9tranger\u00a0\u00bb, mais comme ami. Tout pr\u00e9jug\u00e9 n\u00e9gatif \u00e0 l\u2019\u00e9gard des autres groupes doit \u00eatre rejet\u00e9. C\u2019est un des principes fondamentaux de la Foi baha\u2019ie. Les baha\u2019is respectent toutes les manifestations divines qui ont pr\u00e9c\u00e9d\u00e9 Baha\u2019u\u2019llah. Les religions viennent d\u2019une m\u00eame source et ont donc droit \u00e0 notre respect. S\u2019il existe entre elles des diff\u00e9rences, elles sont imputables aux exigences du temps.<\/p><p>La Foi baha\u2019ie consid\u00e8re la v\u00e9rit\u00e9 religieuse comme relative. Elle ne peut \u00eatre absolue puisqu\u2019elle change avec chaque nouvelle manifestation, c\u2019est-\u00e0-dire avec chaque r\u00e9v\u00e9lation religieuse nouvelle.<\/p><p>La Foi baha\u2019ie est une religion d\u2019unit\u00e9 de l\u2019humanit\u00e9. La terre est consid\u00e9r\u00e9e comme une seule patrie, dont les \u00eatres humains sont des citoyens. La Foi baha\u2019ie \u00e0 \u00e9t\u00e9 accept\u00e9e par plus de 2100 ethnies et groupes culturels diff\u00e9rents. Elle n\u2019est pas li\u00e9e \u00e0 une ethnie, ni \u00e0 une culture, ni \u00e0 un territoire quelconque. Elle est favorable \u00e0 une gouvernance mondiale.<\/p><p>La violence religieuse n\u2019est \u00e9videmment pas une fatalit\u00e9. La religion dans sa puret\u00e9 originelle est un message d\u2019amour et de paix. La religion est devenue un instrument de lutte pour le pouvoir, lorsqu\u2019elle a perdu sa valeur de finalit\u00e9 pour la vie des humains.<\/p>\t\t\t\t\t\t\t\t<\/div>\n\t\t\t\t<\/div>\n\t\t\t\t\t<\/div>\n\t\t<\/div>\n\t\t\t\t\t<\/div>\n\t\t<\/section>\n\t\t\t\t<\/div>\n\t\t","protected":false},"excerpt":{"rendered":"<p>La Plateforme interreligieuse, comme tout le monde, est interpell\u00e9e par la question de la violence sous toutes ses formes.<\/p>\n","protected":false},"author":1,"featured_media":5533,"comment_status":"open","ping_status":"open","sticky":false,"template":"","format":"standard","meta":{"footnotes":""},"categories":[222],"tags":[223],"class_list":["post-5552","post","type-post","status-publish","format-standard","has-post-thumbnail","hentry","category-paroles-desperance","tag-paroles-desperance"],"_links":{"self":[{"href":"https:\/\/interreligieux.ch\/wp\/wp-json\/wp\/v2\/posts\/5552","targetHints":{"allow":["GET"]}}],"collection":[{"href":"https:\/\/interreligieux.ch\/wp\/wp-json\/wp\/v2\/posts"}],"about":[{"href":"https:\/\/interreligieux.ch\/wp\/wp-json\/wp\/v2\/types\/post"}],"author":[{"embeddable":true,"href":"https:\/\/interreligieux.ch\/wp\/wp-json\/wp\/v2\/users\/1"}],"replies":[{"embeddable":true,"href":"https:\/\/interreligieux.ch\/wp\/wp-json\/wp\/v2\/comments?post=5552"}],"version-history":[{"count":5,"href":"https:\/\/interreligieux.ch\/wp\/wp-json\/wp\/v2\/posts\/5552\/revisions"}],"predecessor-version":[{"id":8433,"href":"https:\/\/interreligieux.ch\/wp\/wp-json\/wp\/v2\/posts\/5552\/revisions\/8433"}],"wp:featuredmedia":[{"embeddable":true,"href":"https:\/\/interreligieux.ch\/wp\/wp-json\/wp\/v2\/media\/5533"}],"wp:attachment":[{"href":"https:\/\/interreligieux.ch\/wp\/wp-json\/wp\/v2\/media?parent=5552"}],"wp:term":[{"taxonomy":"category","embeddable":true,"href":"https:\/\/interreligieux.ch\/wp\/wp-json\/wp\/v2\/categories?post=5552"},{"taxonomy":"post_tag","embeddable":true,"href":"https:\/\/interreligieux.ch\/wp\/wp-json\/wp\/v2\/tags?post=5552"}],"curies":[{"name":"wp","href":"https:\/\/api.w.org\/{rel}","templated":true}]}}