{"id":2688,"date":"2018-11-22T16:14:56","date_gmt":"2018-11-22T15:14:56","guid":{"rendered":"https:\/\/interreligieux.ch\/wp\/?p=2688"},"modified":"2020-11-18T22:59:32","modified_gmt":"2020-11-18T21:59:32","slug":"kit-sur-la-diversite-religieuse-a-geneve","status":"publish","type":"post","link":"https:\/\/interreligieux.ch\/wp\/kit-sur-la-diversite-religieuse-a-geneve\/","title":{"rendered":"Kit sur la diversit\u00e9 religieuse \u00e0 Gen\u00e8ve"},"content":{"rendered":"\t\t<div data-elementor-type=\"wp-post\" data-elementor-id=\"2688\" class=\"elementor elementor-2688\" data-elementor-post-type=\"post\">\n\t\t\t\t\t\t<section class=\"elementor-section elementor-top-section elementor-element elementor-element-77ab6aca elementor-section-boxed elementor-section-height-default elementor-section-height-default\" data-id=\"77ab6aca\" data-element_type=\"section\" data-e-type=\"section\">\n\t\t\t\t\t\t<div class=\"elementor-container elementor-column-gap-default\">\n\t\t\t\t\t<div class=\"elementor-column elementor-col-100 elementor-top-column elementor-element elementor-element-76f55717\" data-id=\"76f55717\" data-element_type=\"column\" data-e-type=\"column\">\n\t\t\t<div class=\"elementor-widget-wrap elementor-element-populated\">\n\t\t\t\t\t\t<div class=\"elementor-element elementor-element-693e79f elementor-share-buttons--view-icon elementor-share-buttons--shape-circle elementor-share-buttons--skin-gradient elementor-grid-0 elementor-share-buttons--color-official elementor-widget elementor-widget-share-buttons\" data-id=\"693e79f\" data-element_type=\"widget\" data-e-type=\"widget\" data-widget_type=\"share-buttons.default\">\n\t\t\t\t<div class=\"elementor-widget-container\">\n\t\t\t\t\t\t\t<div class=\"elementor-grid\" role=\"list\">\n\t\t\t\t\t\t\t\t<div class=\"elementor-grid-item\" role=\"listitem\">\n\t\t\t\t\t\t<div class=\"elementor-share-btn elementor-share-btn_facebook\" role=\"button\" tabindex=\"0\" aria-label=\"Partager sur facebook\">\n\t\t\t\t\t\t\t\t\t\t\t\t\t\t\t<span class=\"elementor-share-btn__icon\">\n\t\t\t\t\t\t\t\t<i class=\"fab fa-facebook\" aria-hidden=\"true\"><\/i>\t\t\t\t\t\t\t<\/span>\n\t\t\t\t\t\t\t\t\t\t\t\t\t\t\t\t\t\t\t\t<\/div>\n\t\t\t\t\t<\/div>\n\t\t\t\t\t\t\t\t\t<div class=\"elementor-grid-item\" role=\"listitem\">\n\t\t\t\t\t\t<div class=\"elementor-share-btn elementor-share-btn_twitter\" role=\"button\" tabindex=\"0\" aria-label=\"Partager sur twitter\">\n\t\t\t\t\t\t\t\t\t\t\t\t\t\t\t<span class=\"elementor-share-btn__icon\">\n\t\t\t\t\t\t\t\t<i class=\"fab fa-twitter\" aria-hidden=\"true\"><\/i>\t\t\t\t\t\t\t<\/span>\n\t\t\t\t\t\t\t\t\t\t\t\t\t\t\t\t\t\t\t\t<\/div>\n\t\t\t\t\t<\/div>\n\t\t\t\t\t\t\t\t\t<div class=\"elementor-grid-item\" role=\"listitem\">\n\t\t\t\t\t\t<div class=\"elementor-share-btn elementor-share-btn_linkedin\" role=\"button\" tabindex=\"0\" aria-label=\"Partager sur linkedin\">\n\t\t\t\t\t\t\t\t\t\t\t\t\t\t\t<span class=\"elementor-share-btn__icon\">\n\t\t\t\t\t\t\t\t<i class=\"fab fa-linkedin\" aria-hidden=\"true\"><\/i>\t\t\t\t\t\t\t<\/span>\n\t\t\t\t\t\t\t\t\t\t\t\t\t\t\t\t\t\t\t\t<\/div>\n\t\t\t\t\t<\/div>\n\t\t\t\t\t\t<\/div>\n\t\t\t\t\t\t<\/div>\n\t\t\t\t<\/div>\n\t\t\t\t<div class=\"elementor-element elementor-element-7386a4d8 elementor-widget elementor-widget-text-editor\" data-id=\"7386a4d8\" data-element_type=\"widget\" data-e-type=\"widget\" data-widget_type=\"text-editor.default\">\n\t\t\t\t<div class=\"elementor-widget-container\">\n\t\t\t\t\t\t\t\t\t<p><span class=\"dropcap circle\" style=\"background-color: #ffffff; color: #000000; border-color: #ffffff;\">V<\/span>\u00e9ritable instrument de connaissance, de contact et de promotion, cette bo\u00eete \u00e0 outils, susceptible d\u2019\u00eatre compl\u00e9t\u00e9e et adapt\u00e9e, devrait permettre de stimuler toute initiative et action que vous entreprendrez au sein de votre communaut\u00e9 et dans vos r\u00e9seaux en vue de la valorisation de la diversit\u00e9 et du dialogue interreligieux.<\/p><p><img fetchpriority=\"high\" decoding=\"async\" class=\"aligncenter wp-image-2702\" src=\"https:\/\/interreligieux.ch\/wp-content\/uploads\/2020\/09\/KIT-768x1080-1.jpg\" alt=\"\" width=\"449\" height=\"631\" srcset=\"https:\/\/interreligieux.ch\/wp-content\/uploads\/2020\/09\/KIT-768x1080-1.jpg 768w, https:\/\/interreligieux.ch\/wp-content\/uploads\/2020\/09\/KIT-768x1080-1-213x300.jpg 213w, https:\/\/interreligieux.ch\/wp-content\/uploads\/2020\/09\/KIT-768x1080-1-728x1024.jpg 728w, https:\/\/interreligieux.ch\/wp-content\/uploads\/2020\/09\/KIT-768x1080-1-750x1055.jpg 750w\" sizes=\"(max-width: 449px) 100vw, 449px\" \/><\/p><p>Le <strong><a href=\"https:\/\/interreligieux.ch\/wp-content\/uploads\/2020\/09\/kit.pdf\">Kit sur la diversit\u00e9 religieuse \u00e0 Gen\u00e8ve<\/a><\/strong> est constitu\u00e9 d\u2019un classeur regroupant quelques outils d\u00e9velopp\u00e9s par la PFIR et ses partenaires afin d\u2019appr\u00e9hender dans les meilleures conditions la r\u00e9alit\u00e9 de la diversit\u00e9 religieuse \u00e0 Gen\u00e8ve et d\u2019aider au dialogue interreligieux dans notre r\u00e9gion.<\/p><p>Le kit se pr\u00e9sente sous la forme d&rsquo;un classeur contenant 3 dossiers p\u00e9dagogiques (objets du sacr\u00e9, les f\u00eates dans le monde, pri\u00e8res et m\u00e9ditation), les <em><a href=\"https:\/\/interreligieux.ch\/wp\/9-propositions-pour-vivre-ensemble-et-se-respecter-dans-la-diversite-religieuse\/\"><strong>9 propositions pour vivre ensemble et se respecter dans la diversit\u00e9 religieuse<\/strong><\/a><\/em> et divers flyers indiqu\u00e9s dans ses pages.<\/p><p>Il est disponible au prix de 25 CHF (+ frais d\u2019envoi). Vous pouvez le commander ici ou par t\u00e9l\u00e9phone au +41 77 417 18 27.<\/p><h3><a class=\"btn btn-default\" href=\"mailto:info@interreligieux.ch\">commander<\/a><\/h3>\t\t\t\t\t\t\t\t<\/div>\n\t\t\t\t<\/div>\n\t\t\t\t\t<\/div>\n\t\t<\/div>\n\t\t\t\t\t<\/div>\n\t\t<\/section>\n\t\t\t\t<\/div>\n\t\t","protected":false},"excerpt":{"rendered":"<p>Share on facebook Share on twitter Share on linkedin V\u00e9ritable instrument de connaissance, de contact et de promotion, cette bo\u00eete \u00e0 outils, susceptible d\u2019\u00eatre compl\u00e9t\u00e9e et adapt\u00e9e, devrait permettre de stimuler toute initiative et action que vous entreprendrez au sein de votre communaut\u00e9 et dans vos r\u00e9seaux en vue de la valorisation de la diversit\u00e9 [&hellip;]<\/p>\n","protected":false},"author":1,"featured_media":2698,"comment_status":"open","ping_status":"open","sticky":false,"template":"","format":"standard","meta":{"footnotes":""},"categories":[158],"tags":[],"class_list":["post-2688","post","type-post","status-publish","format-standard","has-post-thumbnail","hentry","category-publications"],"_links":{"self":[{"href":"https:\/\/interreligieux.ch\/wp\/wp-json\/wp\/v2\/posts\/2688","targetHints":{"allow":["GET"]}}],"collection":[{"href":"https:\/\/interreligieux.ch\/wp\/wp-json\/wp\/v2\/posts"}],"about":[{"href":"https:\/\/interreligieux.ch\/wp\/wp-json\/wp\/v2\/types\/post"}],"author":[{"embeddable":true,"href":"https:\/\/interreligieux.ch\/wp\/wp-json\/wp\/v2\/users\/1"}],"replies":[{"embeddable":true,"href":"https:\/\/interreligieux.ch\/wp\/wp-json\/wp\/v2\/comments?post=2688"}],"version-history":[{"count":31,"href":"https:\/\/interreligieux.ch\/wp\/wp-json\/wp\/v2\/posts\/2688\/revisions"}],"predecessor-version":[{"id":5000,"href":"https:\/\/interreligieux.ch\/wp\/wp-json\/wp\/v2\/posts\/2688\/revisions\/5000"}],"wp:featuredmedia":[{"embeddable":true,"href":"https:\/\/interreligieux.ch\/wp\/wp-json\/wp\/v2\/media\/2698"}],"wp:attachment":[{"href":"https:\/\/interreligieux.ch\/wp\/wp-json\/wp\/v2\/media?parent=2688"}],"wp:term":[{"taxonomy":"category","embeddable":true,"href":"https:\/\/interreligieux.ch\/wp\/wp-json\/wp\/v2\/categories?post=2688"},{"taxonomy":"post_tag","embeddable":true,"href":"https:\/\/interreligieux.ch\/wp\/wp-json\/wp\/v2\/tags?post=2688"}],"curies":[{"name":"wp","href":"https:\/\/api.w.org\/{rel}","templated":true}]}}